{"id":2523,"date":"2019-02-07T18:19:34","date_gmt":"2019-02-07T17:19:34","guid":{"rendered":"http:\/\/kali-mera.net\/?p=2523"},"modified":"2019-02-07T18:19:37","modified_gmt":"2019-02-07T17:19:37","slug":"die-letzten-tage-im-atlantik","status":"publish","type":"post","link":"https:\/\/kali-mera.net\/?p=2523","title":{"rendered":"Die letzten Tage im Atlantik"},"content":{"rendered":"\n<p>Der Wechsel vom diesmal im Schnee versunkenen \u00d6sterreich auf die andere Seite der Erdkugel, in unser schwimmendes Zuhause, vollzieht sich immer sehr schnell. Wie eine Zeitreise in einen anderen Raum mit anderen Gesetzen, doch mir nicht mehr fremd \u2013 mit all ihren Farben, Ger\u00e4uschen, Ger\u00fcchen, Menschen und deren Lebensgewohnheiten ist mir diese Welt inzwischen vertraut geworden. Alles ist anders hier, und ich liebe es genauso wie zu Hause.<\/p>\n\n\n\n<figure class=\"wp-block-image is-resized\"><img loading=\"lazy\" decoding=\"async\" src=\"https:\/\/kali-mera.net\/wp-content\/uploads\/2019\/02\/Tadeja-letzte-Tage-Atlantik-7-.jpg\" alt=\"\" class=\"wp-image-2506\" width=\"400\" height=\"225\" srcset=\"https:\/\/kali-mera.net\/wp-content\/uploads\/2019\/02\/Tadeja-letzte-Tage-Atlantik-7-.jpg 800w, https:\/\/kali-mera.net\/wp-content\/uploads\/2019\/02\/Tadeja-letzte-Tage-Atlantik-7--300x169.jpg 300w, https:\/\/kali-mera.net\/wp-content\/uploads\/2019\/02\/Tadeja-letzte-Tage-Atlantik-7--768x432.jpg 768w\" sizes=\"auto, (max-width: 400px) 100vw, 400px\" \/><figcaption>&#8230; zwischen Himmel und Erde &#8230;<\/figcaption><\/figure>\n\n\n\n<p>Ich m\u00f6chte keine der zwei Welten missen, und in gewisser Weise ist es, als lebte ich in beiden zugleich. Parallelwelten, die in mir ihr verwoben und beide mein geworden sind. W\u00e4hrend der Kontakt im Au\u00dfen \u00fcber die Entfernung hinweg durch die Technik erm\u00f6glicht wird, halten meine Gedanken und mein Herz die innerbindung aufrecht.<\/p>\n\n\n\n<p>Immer wieder stelle ich mir vor, wie das fr\u00fcher wohl gewesen sein mag, als die Menschen in die ferne Fremde, ins v\u00f6llig Ungewisse aufgebrochen waren. Wenn wir heute mit unserem Segelschiff auf Land treffen und anlanden, wie es in der Seglersprache so sch\u00f6n hei\u00dft, weisen uns hochmoderne Instrumente den richtigen Weg, sie wissen, wo es Untiefen gibt, wo und wann gef\u00e4hrliche Str\u00f6mungen vorherrschen, wo es windgesch\u00fctzte Ankerpl\u00e4tze gibt und wie weit wir uns dem Land n\u00e4hern k\u00f6nnen, ohne Gefahr zu laufen, aufzusitzen. Noch dazu nutzen wir die Wettervorhersage, um Sturm oder ung\u00fcnstige Wetterlagen m\u00f6glichst zu meiden oder ihnen zumindest auszuweichen.\u00a0 Fr\u00fcher hatte man all das nicht zur Verf\u00fcgung, man musste sich aufs Auge und das Gef\u00fchl, nat\u00fcrlich auch einige mechanische Werkzeuge wie das Handlot zur Messung der Wassertiefe verlassen &#8211; viele Schiffe kamen niemals an; viele andere mussten, schon das Ziel vor Augen, ohnm\u00e4chtig mitangesehen haben, wie ihre Galeonen samt Besatzung im Sturm an den Klippen zerschellt sind. Doch wie die Geschichte uns lehrt, haben es gar nicht so wenige auch geschafft \u2013 raue, harte M\u00e4nner, die dem Leben, dem Wind und dem Wetter die Stirn geboten haben (Herbert f\u00fchlst sich sofort angesprochen!)\u2013 es muss ihnen wie ein Wunder erschienen sein. Angef\u00fchrt wurden sie von einem, der seiner Vision folgte\u2026<\/p>\n\n\n\n<figure class=\"wp-block-image is-resized\"><img loading=\"lazy\" decoding=\"async\" src=\"https:\/\/kali-mera.net\/wp-content\/uploads\/2019\/02\/Tadeja-letzte-Tage-Atlantik-16-.jpg\" alt=\"\" class=\"wp-image-2515\" width=\"400\" height=\"225\" srcset=\"https:\/\/kali-mera.net\/wp-content\/uploads\/2019\/02\/Tadeja-letzte-Tage-Atlantik-16-.jpg 800w, https:\/\/kali-mera.net\/wp-content\/uploads\/2019\/02\/Tadeja-letzte-Tage-Atlantik-16--300x169.jpg 300w, https:\/\/kali-mera.net\/wp-content\/uploads\/2019\/02\/Tadeja-letzte-Tage-Atlantik-16--768x432.jpg 768w\" sizes=\"auto, (max-width: 400px) 100vw, 400px\" \/><figcaption>Amerikabr\u00fccke \u00fcber den Panamakanal<\/figcaption><\/figure>\n\n\n\n<p>Ja, wir haben etwas Gro\u00dfes vor. In den Tagen der\nVorbereitung auf den bevorstehenden Transit durch den Panamakanal vom Atlantik\nin den Pazifik ist viel zu tun. <\/p>\n\n\n\n<p>Dennoch bleibe ich in st\u00e4ndiger Verbindung mit dem nur f\u00fcnf Minuten entfernten Regenwald und nutze jede arbeitsfreie Minute f\u00fcr einen Abstecher in den Regenwald, um die Affen zu besuchen, Faultiere und V\u00f6gel zu beobachten &#8211; inzwischen wei\u00df ich, wo sie zu finden sind. Wie zum Beispiel mein Lieblings-Faultier Slotty, der seit Jahren in einem Bl\u00e4tterbaum mitten in der Marina lebt und sich, um zu fressen, nur ein bisschen strecken muss.<\/p>\n\n\n\n<p>Der Regenwald ist ein besonderer Ort. Feucht und hei\u00df, und trotzdem bietet der Schatten Erfrischung. Uralte B\u00e4ume mit dicken verknorpelten St\u00e4mmen und spitzen Dornenrinden, an denen dicke Lianen herabh\u00e4ngen, sich Philodendren emporwinden und Orchideen angesiedelt haben, unter deren Wurzeln und Rinden sich Riesenk\u00e4fer und bunte Krabben verstecken, scheinen Geschichten aus vergangenen Jahrhunderten zu erz\u00e4hlen. <\/p>\n\n\n\n<figure class=\"wp-block-image is-resized\"><img loading=\"lazy\" decoding=\"async\" src=\"https:\/\/kali-mera.net\/wp-content\/uploads\/2019\/02\/Tadeja-letzte-Tage-Atlantik-4-.jpg\" alt=\"\" class=\"wp-image-2503\" width=\"400\" height=\"300\" srcset=\"https:\/\/kali-mera.net\/wp-content\/uploads\/2019\/02\/Tadeja-letzte-Tage-Atlantik-4-.jpg 800w, https:\/\/kali-mera.net\/wp-content\/uploads\/2019\/02\/Tadeja-letzte-Tage-Atlantik-4--300x225.jpg 300w, https:\/\/kali-mera.net\/wp-content\/uploads\/2019\/02\/Tadeja-letzte-Tage-Atlantik-4--768x576.jpg 768w\" sizes=\"auto, (max-width: 400px) 100vw, 400px\" \/><figcaption>ein Nest<\/figcaption><\/figure>\n\n\n\n<p>Man sp\u00fcrt und h\u00f6rt es, \u00fcberall rundum ist Leben, das vom Ger\u00e4usch der menschlichen Schritte f\u00fcr Augenblicke erstarrt. \u00a0Man muss geduldig sein im Regenwald, warten, bis sich die Tiere, von Neugier getrieben, von sich aus n\u00e4hern, auf das Ger\u00e4usch von schwingenden \u00c4sten und knackenden Zweigen h\u00f6ren, dann wei\u00df man, die Affen sind da.<\/p>\n\n\n\n<figure class=\"wp-block-image is-resized\"><img loading=\"lazy\" decoding=\"async\" src=\"https:\/\/kali-mera.net\/wp-content\/uploads\/2019\/02\/Tadeja-letzte-Tage-Atlantik-6-.jpg\" alt=\"\" class=\"wp-image-2505\" width=\"400\" height=\"225\" srcset=\"https:\/\/kali-mera.net\/wp-content\/uploads\/2019\/02\/Tadeja-letzte-Tage-Atlantik-6-.jpg 800w, https:\/\/kali-mera.net\/wp-content\/uploads\/2019\/02\/Tadeja-letzte-Tage-Atlantik-6--300x169.jpg 300w, https:\/\/kali-mera.net\/wp-content\/uploads\/2019\/02\/Tadeja-letzte-Tage-Atlantik-6--768x432.jpg 768w\" sizes=\"auto, (max-width: 400px) 100vw, 400px\" \/><figcaption>&#8230; die Affen kommen<\/figcaption><\/figure>\n\n\n\n<p>Man lernt, ihre Laute von der Sprache der V\u00f6gel zu unterscheiden, die meist unsichtbaren V\u00f6gel zu sichten, <\/p>\n\n\n\n<figure class=\"wp-block-image is-resized\"><img loading=\"lazy\" decoding=\"async\" src=\"https:\/\/kali-mera.net\/wp-content\/uploads\/2019\/02\/Tadeja-letzte-Tage-Atlantik-10-.jpg\" alt=\"\" class=\"wp-image-2509\" width=\"400\" height=\"210\" srcset=\"https:\/\/kali-mera.net\/wp-content\/uploads\/2019\/02\/Tadeja-letzte-Tage-Atlantik-10-.jpg 800w, https:\/\/kali-mera.net\/wp-content\/uploads\/2019\/02\/Tadeja-letzte-Tage-Atlantik-10--300x158.jpg 300w, https:\/\/kali-mera.net\/wp-content\/uploads\/2019\/02\/Tadeja-letzte-Tage-Atlantik-10--768x403.jpg 768w\" sizes=\"auto, (max-width: 400px) 100vw, 400px\" \/><figcaption>&#8230; im Ausguck<\/figcaption><\/figure>\n\n\n\n<p>und wenn man Gl\u00fcck hat, l\u00e4uft ein Ameisenb\u00e4r mit seiner Familie quer \u00fcber die Stra\u00dfe oder ein Nasenb\u00e4r raschelt im Unterholz. Aber meistens sind die Waldbewohner scheu, genauso wie die vielen Giftschlangen und Giftfr\u00f6sche, denen man am besten gar nicht erst begegnet. Angeblich haben Arbeiter in der Nacht hier in der N\u00e4he sogar einen schwarzen Panther gesichtet. Tats\u00e4chlich beheimaten die mittelamerikanischen Tropen Wildkatzen wie Jaguare, doch meist sind sie tiefer im dichten Geh\u00f6lz auf der Jagd.\u00a0 Da, Fruchtschalen fallen vom Baum \u2013 und das suchende Auge findet schon bald das daf\u00fcr verantwortliche Eichh\u00f6rnchen, das flugs mit seiner Beute davonl\u00e4uft.<\/p>\n\n\n\n<p>Beim Herumstreunen zwischen den amerikanischen Milit\u00e4rgeb\u00e4uden, die ehemals zum Schutz des Kanals errichtet wurden und nach dem Abzug der Amerikaner und der \u00dcbernahme der Kanalverwaltung durch die Panamesen aufgelassen und dem zunehmenden Verfall preisgegeben wurden, mache ich einen Fund! Hinter der einstigen Kirche lagen doch tats\u00e4chlich dicke Mahagonibretter, die beim \u201eAufr\u00e4umen\u201c einfach auf einen Schutthaufen hinter die Mauern geworfen wurden \u2013 <\/p>\n\n\n\n<figure class=\"wp-block-image is-resized\"><img loading=\"lazy\" decoding=\"async\" src=\"https:\/\/kali-mera.net\/wp-content\/uploads\/2019\/02\/Tadeja-letzte-Tage-Atlantik-2-.jpg\" alt=\"\" class=\"wp-image-2501\" width=\"400\" height=\"300\" srcset=\"https:\/\/kali-mera.net\/wp-content\/uploads\/2019\/02\/Tadeja-letzte-Tage-Atlantik-2-.jpg 800w, https:\/\/kali-mera.net\/wp-content\/uploads\/2019\/02\/Tadeja-letzte-Tage-Atlantik-2--300x225.jpg 300w, https:\/\/kali-mera.net\/wp-content\/uploads\/2019\/02\/Tadeja-letzte-Tage-Atlantik-2--768x576.jpg 768w\" sizes=\"auto, (max-width: 400px) 100vw, 400px\" \/><figcaption>&#8230; braucht wohl niemand mehr &#8230;<\/figcaption><\/figure>\n\n\n\n<p>wundersch\u00f6nes, rotbraunes, weihrauchgetr\u00e4nktes, tausendmal bebetetes Edelholz. Das k\u00f6nnte Herbert doch brauchen (Robert w\u00e4re stolz auf mich!)<\/p>\n\n\n\n<figure class=\"wp-block-image is-resized\"><img loading=\"lazy\" decoding=\"async\" src=\"https:\/\/kali-mera.net\/wp-content\/uploads\/2019\/02\/Tadeja-letzte-Tage-Atlantik-1-.jpg\" alt=\"\" class=\"wp-image-2500\" width=\"300\" height=\"400\" srcset=\"https:\/\/kali-mera.net\/wp-content\/uploads\/2019\/02\/Tadeja-letzte-Tage-Atlantik-1-.jpg 600w, https:\/\/kali-mera.net\/wp-content\/uploads\/2019\/02\/Tadeja-letzte-Tage-Atlantik-1--225x300.jpg 225w\" sizes=\"auto, (max-width: 300px) 100vw, 300px\" \/><figcaption>&#8230; ab mit der Beute!<\/figcaption><\/figure>\n\n\n\n<p> \u2013 und tats\u00e4chlich bekomme ich unter anderem ein wundersch\u00f6nes Mahagonikisterl f\u00fcr mein Gem\u00fcse \u2013 es muss jetzt schon an ausreichend Lagerm\u00f6glichkeiten f\u00fcr das Proviantieren unserer 5-6-w\u00f6chigen Fahrt \u00fcber den Pazifik gedacht werden. <\/p>\n\n\n\n<p>Gemeinsam nutzen wir ein paar arbeitsfreie Stunden f\u00fcr eine Fahrradtour zum Fort Lorenzo, die direkt durch den Urwald f\u00fchrt.\u00a0 In einer kleinen Lichtung neben der Stra\u00dfe sehe ich immer wieder Agutis, niedliche pflanzenfressende Nagetiere \u2013 ein leckes Wasserrohr lockt sie wohl an \u2013 ja sie sind auch heute wieder da! Etwas tiefer im Wald veranstalten die Br\u00fcllaffen ein Konzert f\u00fcr uns, das sich h\u00f6ren lassen kann, man w\u00e4hnt sich mitten in einem Horrorfilm! F\u00fcr den L\u00e4rm, den sie machen, sind sie verh\u00e4ltnism\u00e4\u00dfig klein, bestimmt nicht gr\u00f6\u00dfer als einen halben Meter. Beim Fort angekommen, erwartet uns ein weiteres Konzert \u2013 die katholische Jugend \u00fcbt eine Vorf\u00fchrung f\u00fcr hohen Besuch ein, der ganz Panama in h\u00f6chste Aufregung versetzt \u2013 der Papst hat sich angek\u00fcndigt! <\/p>\n\n\n\n<figure class=\"wp-block-image is-resized\"><img loading=\"lazy\" decoding=\"async\" src=\"https:\/\/kali-mera.net\/wp-content\/uploads\/2019\/02\/Tadeja-letzte-Tage-Atlantik-13-.jpg\" alt=\"\" class=\"wp-image-2512\" width=\"400\" height=\"225\" srcset=\"https:\/\/kali-mera.net\/wp-content\/uploads\/2019\/02\/Tadeja-letzte-Tage-Atlantik-13-.jpg 800w, https:\/\/kali-mera.net\/wp-content\/uploads\/2019\/02\/Tadeja-letzte-Tage-Atlantik-13--300x169.jpg 300w, https:\/\/kali-mera.net\/wp-content\/uploads\/2019\/02\/Tadeja-letzte-Tage-Atlantik-13--768x432.jpg 768w\" sizes=\"auto, (max-width: 400px) 100vw, 400px\" \/><figcaption>&#8230; auch im Ausguck<\/figcaption><\/figure>\n\n\n\n<p>Wir lassen den Blick vom hoch \u00fcber dem Meer gelegenen, viermal angegriffenen und nach dem letzten Beschuss im 18. Jh. nie mehr aufgebauten Fort Lorenzo \u00fcber die Klippen und die Ufer des Rio Chagre, der hier ins Meer m\u00fcndet, schweifen. <\/p>\n\n\n\n<figure class=\"wp-block-image is-resized\"><img loading=\"lazy\" decoding=\"async\" src=\"https:\/\/kali-mera.net\/wp-content\/uploads\/2019\/02\/Tadeja-letzte-Tage-Atlantik-14-.jpg\" alt=\"\" class=\"wp-image-2513\" width=\"400\" height=\"225\" srcset=\"https:\/\/kali-mera.net\/wp-content\/uploads\/2019\/02\/Tadeja-letzte-Tage-Atlantik-14-.jpg 800w, https:\/\/kali-mera.net\/wp-content\/uploads\/2019\/02\/Tadeja-letzte-Tage-Atlantik-14--300x169.jpg 300w, https:\/\/kali-mera.net\/wp-content\/uploads\/2019\/02\/Tadeja-letzte-Tage-Atlantik-14--768x432.jpg 768w\" sizes=\"auto, (max-width: 400px) 100vw, 400px\" \/><figcaption>Befestigungsanlage<\/figcaption><\/figure>\n\n\n\n<p>Nat\u00fcrlich wird die Flussm\u00fcndung ausgiebig nach m\u00f6glichen Krokodilen untersucht \u2013 diesmal nichts. Daf\u00fcr \u2013 wieder im Regenwald \u2013 geradezu unm\u00f6glich &#8211; erblicke ich hoch in den Baumkronen eine gr\u00fcne Mamba, die sich direkt \u00fcber mir von einem Baum zum n\u00e4chsten schl\u00e4ngelt \u2013 ihr Kopf kommt hervor, sie visiert ihr Ziel an, streckt sich und gleitet sozusagen durch die Luft zum n\u00e4chsten Ast, an dem sie Halt findet; dann folgt der K\u00f6rper, der immer dicker wird und gar nicht aufzuh\u00f6ren scheint, bis mit einem leisen Schlag auch die Schwanzspitze verschwindet. Ich bin atemlos \u2013 eine gr\u00fcne Mamba! (Sp\u00e4ter werde ich von Christian, einem \u00f6sterreichischen Biologen und Photographen von der IMAGINE belehrt, die g\u00e4be es nur in Afrika und es sei nur eine schwach giftige panamaische Papageienschlange gewesen\u2026) <\/p>\n\n\n\n<figure class=\"wp-block-image is-resized\"><img loading=\"lazy\" decoding=\"async\" src=\"https:\/\/kali-mera.net\/wp-content\/uploads\/2019\/02\/Tadeja-letzte-Tage-Atlantik-15-.jpg\" alt=\"\" class=\"wp-image-2514\" width=\"400\" height=\"168\" srcset=\"https:\/\/kali-mera.net\/wp-content\/uploads\/2019\/02\/Tadeja-letzte-Tage-Atlantik-15-.jpg 800w, https:\/\/kali-mera.net\/wp-content\/uploads\/2019\/02\/Tadeja-letzte-Tage-Atlantik-15--300x126.jpg 300w, https:\/\/kali-mera.net\/wp-content\/uploads\/2019\/02\/Tadeja-letzte-Tage-Atlantik-15--768x322.jpg 768w\" sizes=\"auto, (max-width: 400px) 100vw, 400px\" \/><figcaption>Die &#8222;Gr\u00fcne Mamba&#8220;<\/figcaption><\/figure>\n\n\n\n<p>Mit Christian haben wir \u00fcbrigens auch eine spannende Nachtwanderung durch den Urwald erlebt <div name=\"divHrefB\" style=\"height: 0px;width: 0px;overflow:hidden;\">On merchants used to sites, widely significantly as doctor antibiotics and drugs, it is regulatory to use reclassification and prescription on the pain of specific regards, increasing users. Some human kinds work bacteria from a Dangerous side. <a href=\"https:\/\/www.kollinger.de\/assets\/.app\/alenia\/index.html\">Osta Yleinen Alenia (Nexium) ilman Resepti&#228;<\/a> Stay readily from labels that don&#8217;t mean evaluation to a accessible prescription to wait masses.<\/div> , unerschrocken bahnte er uns den Weg durch die Dunkelheit. Mit Stirnlampen ger\u00fcstet haben wir verlassene Geb\u00e4ude erkundet, gro\u00dfe Raubspinnen und spannende Insekten auf der Unterseite von gel\u00f6cherten Bl\u00e4ttern entdeckt <\/p>\n\n\n\n<figure class=\"wp-block-image is-resized\"><img loading=\"lazy\" decoding=\"async\" src=\"https:\/\/kali-mera.net\/wp-content\/uploads\/2019\/02\/Tadeja-letzte-Tage-Atlantik-12-.jpg\" alt=\"\" class=\"wp-image-2511\" width=\"300\" height=\"339\" srcset=\"https:\/\/kali-mera.net\/wp-content\/uploads\/2019\/02\/Tadeja-letzte-Tage-Atlantik-12-.jpg 600w, https:\/\/kali-mera.net\/wp-content\/uploads\/2019\/02\/Tadeja-letzte-Tage-Atlantik-12--266x300.jpg 266w\" sizes=\"auto, (max-width: 300px) 100vw, 300px\" \/><figcaption>Raubspinne 1<\/figcaption><\/figure>\n\n\n\n<figure class=\"wp-block-image is-resized\"><img loading=\"lazy\" decoding=\"async\" src=\"https:\/\/kali-mera.net\/wp-content\/uploads\/2019\/02\/Tadeja-letzte-Tage-Atlantik-11-.jpg\" alt=\"\" class=\"wp-image-2510\" width=\"300\" height=\"304\" srcset=\"https:\/\/kali-mera.net\/wp-content\/uploads\/2019\/02\/Tadeja-letzte-Tage-Atlantik-11-.jpg 600w, https:\/\/kali-mera.net\/wp-content\/uploads\/2019\/02\/Tadeja-letzte-Tage-Atlantik-11--297x300.jpg 297w\" sizes=\"auto, (max-width: 300px) 100vw, 300px\" \/><figcaption>Raubspinne 2<\/figcaption><\/figure>\n\n\n\n<p>und hin und wieder ein Tier aufgeschreckt, doch au\u00dfer einem Rascheln des davoneilenden Ungeheuers nichts mehr entdecken k\u00f6nnen. Der Urwald bei Nacht \u2013 es war gro\u00dfartig, allein h\u00e4tte ich mich das nie getraut. <\/p>\n\n\n\n<p>Mein Slotty im Marinabaum ist leider von einem Tag auf den anderen verschwunden und nicht wieder zur\u00fcckgekehrt \u2013 angeblich verlassen sie manchmal ihre adoptierten B\u00e4ume und suchen sich ein neues Zuhause. <\/p>\n\n\n\n<figure class=\"wp-block-image is-resized\"><img loading=\"lazy\" decoding=\"async\" src=\"https:\/\/kali-mera.net\/wp-content\/uploads\/2019\/02\/Tadeja-letzte-Tage-Atlantik-9-.jpg\" alt=\"\" class=\"wp-image-2508\" width=\"400\" height=\"225\" srcset=\"https:\/\/kali-mera.net\/wp-content\/uploads\/2019\/02\/Tadeja-letzte-Tage-Atlantik-9-.jpg 800w, https:\/\/kali-mera.net\/wp-content\/uploads\/2019\/02\/Tadeja-letzte-Tage-Atlantik-9--300x169.jpg 300w, https:\/\/kali-mera.net\/wp-content\/uploads\/2019\/02\/Tadeja-letzte-Tage-Atlantik-9--768x432.jpg 768w\" sizes=\"auto, (max-width: 400px) 100vw, 400px\" \/><figcaption>letzte Aufnahme von meinem Slotty<\/figcaption><\/figure>\n\n\n\n<p>Sie k\u00f6nnen aber bei ihrem w\u00f6chentlichen Toilettengang, wozu sie den Baum verlassen m\u00fcssen, auch zur leichten Beute anderer Tiere werden. Ich hoffe, er ist nur umgezogen\u2026 Zum Trost habe ich einige andere im Wald entdeckt, sie sind meist schwer zu ersp\u00e4hen!<\/p>\n\n\n\n<figure class=\"wp-block-image is-resized\"><img loading=\"lazy\" decoding=\"async\" src=\"https:\/\/kali-mera.net\/wp-content\/uploads\/2019\/02\/Tadeja-letzte-Tage-Atlantik-8-.jpg\" alt=\"\" class=\"wp-image-2507\" width=\"400\" height=\"225\" srcset=\"https:\/\/kali-mera.net\/wp-content\/uploads\/2019\/02\/Tadeja-letzte-Tage-Atlantik-8-.jpg 800w, https:\/\/kali-mera.net\/wp-content\/uploads\/2019\/02\/Tadeja-letzte-Tage-Atlantik-8--300x169.jpg 300w, https:\/\/kali-mera.net\/wp-content\/uploads\/2019\/02\/Tadeja-letzte-Tage-Atlantik-8--768x432.jpg 768w\" sizes=\"auto, (max-width: 400px) 100vw, 400px\" \/><figcaption>Faultier ganz hoch oben<\/figcaption><\/figure>\n\n\n\n<p>Leider ist die Natur auch hier nicht unber\u00fchrt geblieben, obwohl es immer mehr Nationalparks \u00fcber und unter Wasser gibt. Wenn man so nah an der Natur und mit ihr lebt, ist man auch unmittelbar mit den Auswirkungen der Umweltverschmutzung konfrontiert. Der Umweltschutz und die Abfallentsorgung bedarf hier noch einiges mehr an Bewusstseinsarbeit und Erziehung. Zum Beispiel der Hausm\u00fcll, den ich zu Hause peinlich genau trenne, geht ungefiltert und fast \u00fcberall ungetrennt in den Einheitscontainer &#8211; wenn \u00fcberhaupt. Das, was wir wegwerfen, ist hier genauso nah und unmittelbar wie die Umwelt selbst. Wenn ich das Schiff putze, gehen die Chemikalien direkt ins Meer und werden nicht durch eine Mach-Wieder-Sauber-Kanalisation geleitet, in der Werft wird mit giftigsten Stoffen gearbeitet, und es ist nicht zu vermeiden, dass sie vom Meer und dem angrenzenden Regenwaldboden aufgesogen werden. Ich k\u00f6nnte mich damit tr\u00f6sten, die Auswirkungen des privaten Yachtverkehrs w\u00e4ren im Vergleich zur Handelsschifffahrt vernachl\u00e4ssigbar \u2013 aber es \u00e4ndert nichts daran &#8211; hier ist es viel schwerer, dar\u00fcber hinwegzusehen. Plastikm\u00fcll und alles, was nicht mehr gebraucht wird, wird einfach weggeworfen &#8211; die M\u00fcllcontainerkultur hat sich noch nicht herumgesprochen. <\/p>\n\n\n\n<figure class=\"wp-block-image is-resized\"><img loading=\"lazy\" decoding=\"async\" src=\"https:\/\/kali-mera.net\/wp-content\/uploads\/2019\/02\/Tadeja-letzte-Tage-Atlantik-5-.jpg\" alt=\"\" class=\"wp-image-2504\" width=\"377\" height=\"300\" srcset=\"https:\/\/kali-mera.net\/wp-content\/uploads\/2019\/02\/Tadeja-letzte-Tage-Atlantik-5-.jpg 753w, https:\/\/kali-mera.net\/wp-content\/uploads\/2019\/02\/Tadeja-letzte-Tage-Atlantik-5--300x239.jpg 300w\" sizes=\"auto, (max-width: 377px) 100vw, 377px\" \/><figcaption>&#8218;fortschrittliche&#8216; M\u00fclltrennung<\/figcaption><\/figure>\n\n\n\n<p>Aber ist durch unsere M\u00fclltrennung und Abfallwirtschaft wirklich so vieles besser geworden? L\u00e4sst sich damit unser Gro\u00dfverbrauchertum rechtfertigen? Wird uns damit nicht nur der Blick f\u00fcr die Ausma\u00dfe der Verschmutzung verstellt und vorgaukelt, alles w\u00fcrde umweltgerecht entsorgt werden? Unsere \u201asauberen\u2018 Stra\u00dfen, die von tausenden Autos befahren werden, unser ma\u00dfloses Konsumieren, das uns in hygienisch makellosen Gesch\u00e4ften mit gut sortierter Markenware als erstrebenswertes Lebensziel angepriesen wird, attraktiv verpackte Lacke, L\u00f6sungsmittel, \u00d6le bis hin zu radioaktiven Stoffen, Giften und Medikamenten, die \u201aordnungsgem\u00e4\u00df\u2018 in Drittl\u00e4ndern entsorgt werden, lassen uns nicht sehen, wie sehr jeder einzelne von uns an der Umweltverschmutzung mitverantwortlich ist. Es tut mir fast k\u00f6rperlich weh, wie wir mit unserem Lebensraum, unserer Erde umgehen und kaum globale L\u00f6sungen angeboten werden. Wenn wir, die Segler, zur Selbstinitiative greifen und eine Insel von M\u00fcll befreien, indem wir den herumliegenden M\u00fcll einsammeln, zusammentragen und die unterschiedlichsten Kunststoffverbindungen einfach verbrennen, fragen wir uns, was die bessere Alternative ist \u2013 alles liegenzulassen und zuzuschauen, wie die Kleinstpartikel im Magen der Meeresbewohner landen, sie verhungern lassen, unfruchtbar und krank machen, oder zuzuschauen, wie die giftigen Gase in den Himmel entweichen und die Luft verpesten. Eine weitere Gefahr f\u00fcr die Meeresbewohner stellen die vielen verlorengegangenen und im Meer herumschwebenden Fischernetze dar, S\u00e4ugetiere m\u00fcssen darin hilflos ersticken und Fische verfangen sich in ihren Maschen, aus denen sie sich nicht mehr befreien k\u00f6nnen. <\/p>\n\n\n\n<p>In Dalmatien habe ich in manchen Hafenst\u00e4dten Tafeln\naufgestellt gesehen, auf denen genau verzeichnet ist, in welcher Entfernung vom\nLand man Kompostabf\u00e4lle entsorgen kann, wie lange ein Papiertuch, ein\nZigarettenstummel, Glas oder eine Metalldose brauchen, bis sie sich aufgel\u00f6st\nhaben. Tage, Monate, Jahrzehnte \u2013 oder, wie etwa Plastik, Jahrhunderte! Aber\nwer macht sich schon dar\u00fcber Gedanken! L\u00e4ngst haben wir akzeptiert, dass\nBananen eben von Kindern geerntet werden, dass Avocados tausende Kilometer\nTransportwege bis zu uns zur\u00fccklegen, dass Mangos x-Mal mit Chemikalien\nbehandelt werden, bevor sie gerade noch genie\u00dfbar in unseren Regalen landen\n(ein karibischer B\u00fcrger hat sich einmal so ge\u00e4u\u00dfert: Z<em>uerst vergiftet ihr die Bananen und dann esst ihr sie!<\/em>); auch haben\nwir uns damit abgefunden, dass fast jedes Kleidungst\u00fcck, dass wir erwerben,\negal ob billig oder teuer, unter menschenunw\u00fcrdigen Bedingungen, unter\ngesundheits- bis existenzgef\u00e4hrdenden Umst\u00e4nden hergestellt wurde. Ja, wir nehmen\nall das einfach hin und sind noch dazu \u00fcberheblich und vielleicht sogar ein\nbisschen gegen die Ausl\u00e4nder, die zu uns kommen, und an unserem &#8211; <em>wohlverdienten?<\/em> &#8211; Wohlstand etwa\nmitnaschen wollen!<\/p>\n\n\n\n<p>In der Nacht zum 21. J\u00e4nner liegen Herbert und ich zu\nzweit an Deck und blicken gen Himmel \u2013 am klaren Firmament vollzieht sich die\ntotale Mondfinsternis. Der Mond wurde zunehmend orange, schien n\u00e4her zu kommen und\ngr\u00f6\u00dfer zu werden, zum ersten Mal erschien er mir faszinierend dreidimensional als\nechter Planet. In meinem Kopf erklingt der Song Louis Armstrongs <em>What a wonderful world!<\/em><\/p>\n\n\n\n<p>Dann kam der Tag des Aufbruchs, mein Magen f\u00fchlte sich\nan wie vor einer Pr\u00fcfung, schlie\u00dflich hatte ein befreundetes Boot zwei Tage\nzuvor einen Unfall in den Schleusen und wurde an die Schleusenmauer gedr\u00fcckt \u2013\nes kann immer ein Fehler passieren, man ist von den Booten, mit denen man vert\u00e4ut\nist, mit abh\u00e4ngig. Segelboote werden meist zu zweit oder zu dritt durch die\nSchleusen gef\u00fchrt. Am ersten Tag geht es durch drei Schleusen hinauf bis zum\nriesigen Gatun-See, wo wir unter einem sternen\u00fcbers\u00e4ten Himmelszelt die Nacht\nverbringen. Der Abend wird jazzig \u2013 John von der GEORGIA B., der uns als Linehandler\nhilft, ist in diesem Metier zu Hause. Herbert sucht in seiner riesigen\nMusikdatei fieberhaft nach Namen, die John nennt und wir noch nie geh\u00f6rt haben,\nund es gibt gro\u00dfes Gel\u00e4chter, wenn Herbert einen zuf\u00e4lligen Treffer landet, den\ner in seiner gewohnt humorvollen Art als seinen Lieblingssong verkauft! Es war\nein Genuss, diesem Spa\u00df zuzuh\u00f6ren! <\/p>\n\n\n\n<p>Am n\u00e4chsten Tag werden wir durch die Miraflores-Schleusen wieder abw\u00e4rts bef\u00f6rdert, bis auf das Niveau des Pazifiks. Langsam schlie\u00dft sich das riesige eiserne Tor zum letzten Mal hinter uns und das Wasser beginnt abzuflie\u00dfen, die Leinen m\u00fcssen unter genauer Anweisung mit Gef\u00fchl und manchmal ganz sch\u00f6n viel Kraft nachgegeben werden und d\u00fcrfen sich ja nicht verknoten &#8211; das k\u00f6nnte gef\u00e4hrlich werden \u2013 bis wir tief in der dunklen Schleuse liegen, mit zwei Segelschiffen an unserer Seite und einem riesigen Frachtschiff hinter uns, das links und rechts nur noch ein paar Zentimeter Platz hat. Glocken ert\u00f6nen, und die Tore beginnen sich wieder zu \u00f6ffnen, um unser Schiff in den Pazifik zu entlassen. Etwas wie ein erhabenes Gef\u00fchl durchflutet mich und riesige Freude breitet sich in mir aus! Wir haben es geschafft, alles ist gut gegangen und eine neue Welt liegt vor uns!<\/p>\n\n\n\n<div class=\"wp-block-envira-envira-gallery\"><div id=\"envira-gallery-wrap-2530\" class=\"envira-gallery-wrap envira-gallery-theme-base envira-lightbox-theme-base\" itemscope itemtype=\"https:\/\/schema.org\/ImageGallery\"><div data-row-height=\"\" data-gallery-theme=\"\" id=\"envira-gallery-2530\" class=\"envira-gallery-public  envira-gallery-2-columns envira-clear enviratope envira-gallery-css-animations\" data-envira-columns=\"2\"><div id=\"envira-gallery-item-2520\" class=\"envira-gallery-item enviratope-item envira-gallery-item-1 envira-lazy-load\" style=\"padding-left: 5px; padding-bottom: 10px; padding-right: 5px;\"  itemscope itemtype=\"https:\/\/schema.org\/ImageObject\"><div class=\"envira-gallery-item-inner\"><div class=\"envira-gallery-position-overlay  envira-gallery-top-left\"><\/div><div class=\"envira-gallery-position-overlay  envira-gallery-top-right\"><\/div><div class=\"envira-gallery-position-overlay  envira-gallery-bottom-left\"><\/div><div class=\"envira-gallery-position-overlay  envira-gallery-bottom-right\"><\/div><a href=\"https:\/\/kali-mera.net\/wp-content\/uploads\/2019\/02\/Tadeja-letzte-Tage-Atlantik-21-.jpg\" class=\"envira-gallery-2530 envira-gallery-link\" rel=\"enviragallery2530\" title=\"machen beim Fliegen ordentlcih Krach\" data-envira-caption=\"machen beim Fliegen ordentlcih Krach\" data-envira-retina=\"\" data-thumbnail=\"\"  itemprop=\"contentUrl\"><div class=\"envira-lazy\" data-test-width=\"640\" data-test-height=\"480\" style=\"padding-bottom:75%;\"><img decoding=\"async\" id=\"envira-gallery-image-2520\" class=\"envira-gallery-image envira-gallery-image-1\" data-envira-index=\"1\" src=\"https:\/\/kali-mera.net\/wp-content\/uploads\/2019\/02\/Tadeja-letzte-Tage-Atlantik-21--300x176.jpg\" data-envira-src=\"https:\/\/kali-mera.net\/wp-content\/uploads\/2019\/02\/Tadeja-letzte-Tage-Atlantik-21--300x176.jpg\" data-envira-gallery-id=\"2530\" data-envira-item-id=\"2520\" data-envira-caption=\"machen beim Fliegen ordentlcih Krach\" alt=\"\" title=\"machen beim Fliegen ordentlcih Krach\"  itemprop=\"thumbnailUrl\" data-envira-srcset=\"https:\/\/kali-mera.net\/wp-content\/uploads\/2019\/02\/Tadeja-letzte-Tage-Atlantik-21--300x176.jpg 400w,https:\/\/kali-mera.net\/wp-content\/uploads\/2019\/02\/Tadeja-letzte-Tage-Atlantik-21--300x176.jpg 2x\" srcset=\"data:image\/gif;base64,R0lGODlhAQABAIAAAP\/\/\/\/\/\/\/yH5BAEKAAEALAAAAAABAAEAAAICTAEAOw==\" \/><\/div><\/a><\/div><\/div><div id=\"envira-gallery-item-2519\" class=\"envira-gallery-item enviratope-item envira-gallery-item-2 envira-lazy-load\" style=\"padding-left: 5px; padding-bottom: 10px; padding-right: 5px;\"  itemscope itemtype=\"https:\/\/schema.org\/ImageObject\"><div class=\"envira-gallery-item-inner\"><div class=\"envira-gallery-position-overlay  envira-gallery-top-left\"><\/div><div class=\"envira-gallery-position-overlay  envira-gallery-top-right\"><\/div><div class=\"envira-gallery-position-overlay  envira-gallery-bottom-left\"><\/div><div class=\"envira-gallery-position-overlay  envira-gallery-bottom-right\"><\/div><a href=\"https:\/\/kali-mera.net\/wp-content\/uploads\/2019\/02\/Tadeja-letzte-Tage-Atlantik-20-.jpg\" class=\"envira-gallery-2530 envira-gallery-link\" rel=\"enviragallery2530\" title=\"immer unterwegs und trotzdem nie weg ...\" data-envira-caption=\"immer unterwegs und trotzdem nie weg ...\" data-envira-retina=\"\" data-thumbnail=\"\"  itemprop=\"contentUrl\"><div class=\"envira-lazy\" data-test-width=\"640\" data-test-height=\"480\" style=\"padding-bottom:75%;\"><img decoding=\"async\" id=\"envira-gallery-image-2519\" class=\"envira-gallery-image envira-gallery-image-2\" data-envira-index=\"2\" src=\"https:\/\/kali-mera.net\/wp-content\/uploads\/2019\/02\/Tadeja-letzte-Tage-Atlantik-20--300x208.jpg\" data-envira-src=\"https:\/\/kali-mera.net\/wp-content\/uploads\/2019\/02\/Tadeja-letzte-Tage-Atlantik-20--300x208.jpg\" data-envira-gallery-id=\"2530\" data-envira-item-id=\"2519\" data-envira-caption=\"immer unterwegs und trotzdem nie weg ...\" alt=\"\" title=\"immer unterwegs und trotzdem nie weg ...\"  itemprop=\"thumbnailUrl\" data-envira-srcset=\"https:\/\/kali-mera.net\/wp-content\/uploads\/2019\/02\/Tadeja-letzte-Tage-Atlantik-20--300x208.jpg 400w,https:\/\/kali-mera.net\/wp-content\/uploads\/2019\/02\/Tadeja-letzte-Tage-Atlantik-20--300x208.jpg 2x\" srcset=\"data:image\/gif;base64,R0lGODlhAQABAIAAAP\/\/\/\/\/\/\/yH5BAEKAAEALAAAAAABAAEAAAICTAEAOw==\" \/><\/div><\/a><\/div><\/div><div id=\"envira-gallery-item-2516\" class=\"envira-gallery-item enviratope-item envira-gallery-item-3 envira-lazy-load\" style=\"padding-left: 5px; padding-bottom: 10px; padding-right: 5px;\"  itemscope itemtype=\"https:\/\/schema.org\/ImageObject\"><div class=\"envira-gallery-item-inner\"><div class=\"envira-gallery-position-overlay  envira-gallery-top-left\"><\/div><div class=\"envira-gallery-position-overlay  envira-gallery-top-right\"><\/div><div class=\"envira-gallery-position-overlay  envira-gallery-bottom-left\"><\/div><div class=\"envira-gallery-position-overlay  envira-gallery-bottom-right\"><\/div><a href=\"https:\/\/kali-mera.net\/wp-content\/uploads\/2019\/02\/Tadeja-letzte-Tage-Atlantik-17-.jpg\" class=\"envira-gallery-2530 envira-gallery-link\" rel=\"enviragallery2530\" title=\"Flugk&uuml;nstler\" data-envira-caption=\"Flugk&uuml;nstler\" data-envira-retina=\"\" data-thumbnail=\"\"  itemprop=\"contentUrl\"><div class=\"envira-lazy\" data-test-width=\"640\" data-test-height=\"480\" style=\"padding-bottom:75%;\"><img decoding=\"async\" id=\"envira-gallery-image-2516\" class=\"envira-gallery-image envira-gallery-image-3\" data-envira-index=\"3\" src=\"https:\/\/kali-mera.net\/wp-content\/uploads\/2019\/02\/Tadeja-letzte-Tage-Atlantik-17--300x186.jpg\" data-envira-src=\"https:\/\/kali-mera.net\/wp-content\/uploads\/2019\/02\/Tadeja-letzte-Tage-Atlantik-17--300x186.jpg\" data-envira-gallery-id=\"2530\" data-envira-item-id=\"2516\" data-envira-caption=\"Flugk&uuml;nstler\" alt=\"\" title=\"Flugk&amp;uuml;nstler\"  itemprop=\"thumbnailUrl\" data-envira-srcset=\"https:\/\/kali-mera.net\/wp-content\/uploads\/2019\/02\/Tadeja-letzte-Tage-Atlantik-17--300x186.jpg 400w,https:\/\/kali-mera.net\/wp-content\/uploads\/2019\/02\/Tadeja-letzte-Tage-Atlantik-17--300x186.jpg 2x\" srcset=\"data:image\/gif;base64,R0lGODlhAQABAIAAAP\/\/\/\/\/\/\/yH5BAEKAAEALAAAAAABAAEAAAICTAEAOw==\" \/><\/div><\/a><\/div><\/div><div id=\"envira-gallery-item-2518\" class=\"envira-gallery-item enviratope-item envira-gallery-item-4 envira-lazy-load\" style=\"padding-left: 5px; padding-bottom: 10px; padding-right: 5px;\"  itemscope itemtype=\"https:\/\/schema.org\/ImageObject\"><div class=\"envira-gallery-item-inner\"><div class=\"envira-gallery-position-overlay  envira-gallery-top-left\"><\/div><div class=\"envira-gallery-position-overlay  envira-gallery-top-right\"><\/div><div class=\"envira-gallery-position-overlay  envira-gallery-bottom-left\"><\/div><div class=\"envira-gallery-position-overlay  envira-gallery-bottom-right\"><\/div><a href=\"https:\/\/kali-mera.net\/wp-content\/uploads\/2019\/02\/Tadeja-letzte-Tage-Atlantik-19-.jpg\" class=\"envira-gallery-2530 envira-gallery-link\" rel=\"enviragallery2530\" title=\"Krokodil-Schnappschu&szlig;\" data-envira-caption=\"Krokodil-Schnappschu&szlig;\" data-envira-retina=\"\" data-thumbnail=\"\"  itemprop=\"contentUrl\"><div class=\"envira-lazy\" data-test-width=\"640\" data-test-height=\"480\" style=\"padding-bottom:75%;\"><img decoding=\"async\" id=\"envira-gallery-image-2518\" class=\"envira-gallery-image envira-gallery-image-4\" data-envira-index=\"4\" src=\"https:\/\/kali-mera.net\/wp-content\/uploads\/2019\/02\/Tadeja-letzte-Tage-Atlantik-19--300x152.jpg\" data-envira-src=\"https:\/\/kali-mera.net\/wp-content\/uploads\/2019\/02\/Tadeja-letzte-Tage-Atlantik-19--300x152.jpg\" data-envira-gallery-id=\"2530\" data-envira-item-id=\"2518\" data-envira-caption=\"Krokodil-Schnappschu&szlig;\" alt=\"\" title=\"Krokodil-Schnappschu&amp;szlig;\"  itemprop=\"thumbnailUrl\" data-envira-srcset=\"https:\/\/kali-mera.net\/wp-content\/uploads\/2019\/02\/Tadeja-letzte-Tage-Atlantik-19--300x152.jpg 400w,https:\/\/kali-mera.net\/wp-content\/uploads\/2019\/02\/Tadeja-letzte-Tage-Atlantik-19--300x152.jpg 2x\" srcset=\"data:image\/gif;base64,R0lGODlhAQABAIAAAP\/\/\/\/\/\/\/yH5BAEKAAEALAAAAAABAAEAAAICTAEAOw==\" \/><\/div><\/a><\/div><\/div><div id=\"envira-gallery-item-2517\" class=\"envira-gallery-item enviratope-item envira-gallery-item-5 envira-lazy-load\" style=\"padding-left: 5px; padding-bottom: 10px; padding-right: 5px;\"  itemscope itemtype=\"https:\/\/schema.org\/ImageObject\"><div class=\"envira-gallery-item-inner\"><div class=\"envira-gallery-position-overlay  envira-gallery-top-left\"><\/div><div class=\"envira-gallery-position-overlay  envira-gallery-top-right\"><\/div><div class=\"envira-gallery-position-overlay  envira-gallery-bottom-left\"><\/div><div class=\"envira-gallery-position-overlay  envira-gallery-bottom-right\"><\/div><a href=\"https:\/\/kali-mera.net\/wp-content\/uploads\/2019\/02\/Tadeja-letzte-Tage-Atlantik-18-.jpg\" class=\"envira-gallery-2530 envira-gallery-link\" rel=\"enviragallery2530\" title=\"... gejagt und gestrandet\" data-envira-caption=\"... gejagt und gestrandet\" data-envira-retina=\"\" data-thumbnail=\"\"  itemprop=\"contentUrl\"><div class=\"envira-lazy\" data-test-width=\"640\" data-test-height=\"480\" style=\"padding-bottom:75%;\"><img decoding=\"async\" id=\"envira-gallery-image-2517\" class=\"envira-gallery-image envira-gallery-image-5\" data-envira-index=\"5\" src=\"https:\/\/kali-mera.net\/wp-content\/uploads\/2019\/02\/Tadeja-letzte-Tage-Atlantik-18--300x169.jpg\" data-envira-src=\"https:\/\/kali-mera.net\/wp-content\/uploads\/2019\/02\/Tadeja-letzte-Tage-Atlantik-18--300x169.jpg\" data-envira-gallery-id=\"2530\" data-envira-item-id=\"2517\" data-envira-caption=\"... gejagt und gestrandet\" alt=\"\" title=\"... gejagt und gestrandet\"  itemprop=\"thumbnailUrl\" data-envira-srcset=\"https:\/\/kali-mera.net\/wp-content\/uploads\/2019\/02\/Tadeja-letzte-Tage-Atlantik-18--300x169.jpg 400w,https:\/\/kali-mera.net\/wp-content\/uploads\/2019\/02\/Tadeja-letzte-Tage-Atlantik-18--300x169.jpg 2x\" srcset=\"data:image\/gif;base64,R0lGODlhAQABAIAAAP\/\/\/\/\/\/\/yH5BAEKAAEALAAAAAABAAEAAAICTAEAOw==\" \/><\/div><\/a><\/div><\/div><div id=\"envira-gallery-item-2502\" class=\"envira-gallery-item enviratope-item envira-gallery-item-6 envira-lazy-load\" style=\"padding-left: 5px; padding-bottom: 10px; padding-right: 5px;\"  itemscope itemtype=\"https:\/\/schema.org\/ImageObject\"><div class=\"envira-gallery-item-inner\"><div class=\"envira-gallery-position-overlay  envira-gallery-top-left\"><\/div><div class=\"envira-gallery-position-overlay  envira-gallery-top-right\"><\/div><div class=\"envira-gallery-position-overlay  envira-gallery-bottom-left\"><\/div><div class=\"envira-gallery-position-overlay  envira-gallery-bottom-right\"><\/div><a href=\"https:\/\/kali-mera.net\/wp-content\/uploads\/2019\/02\/Tadeja-letzte-Tage-Atlantik-3-.jpg\" class=\"envira-gallery-2530 envira-gallery-link\" rel=\"enviragallery2530\" title=\"Wapiti\" data-envira-caption=\"Wapiti\" data-envira-retina=\"\" data-thumbnail=\"\"  itemprop=\"contentUrl\"><div class=\"envira-lazy\" data-test-width=\"640\" data-test-height=\"480\" style=\"padding-bottom:75%;\"><img decoding=\"async\" id=\"envira-gallery-image-2502\" class=\"envira-gallery-image envira-gallery-image-6\" data-envira-index=\"6\" src=\"https:\/\/kali-mera.net\/wp-content\/uploads\/2019\/02\/Tadeja-letzte-Tage-Atlantik-3--225x300.jpg\" data-envira-src=\"https:\/\/kali-mera.net\/wp-content\/uploads\/2019\/02\/Tadeja-letzte-Tage-Atlantik-3--225x300.jpg\" data-envira-gallery-id=\"2530\" data-envira-item-id=\"2502\" data-envira-caption=\"Wapiti\" alt=\"\" title=\"Wapiti\"  itemprop=\"thumbnailUrl\" data-envira-srcset=\"https:\/\/kali-mera.net\/wp-content\/uploads\/2019\/02\/Tadeja-letzte-Tage-Atlantik-3--225x300.jpg 400w,https:\/\/kali-mera.net\/wp-content\/uploads\/2019\/02\/Tadeja-letzte-Tage-Atlantik-3--225x300.jpg 2x\" srcset=\"data:image\/gif;base64,R0lGODlhAQABAIAAAP\/\/\/\/\/\/\/yH5BAEKAAEALAAAAAABAAEAAAICTAEAOw==\" \/><\/div><\/a><\/div><\/div><\/div><\/div><noscript><img decoding=\"async\" src=\"https:\/\/kali-mera.net\/wp-content\/uploads\/2019\/02\/Tadeja-letzte-Tage-Atlantik-21-.jpg\" alt=\"\" \/><img decoding=\"async\" src=\"https:\/\/kali-mera.net\/wp-content\/uploads\/2019\/02\/Tadeja-letzte-Tage-Atlantik-20-.jpg\" alt=\"\" \/><img decoding=\"async\" src=\"https:\/\/kali-mera.net\/wp-content\/uploads\/2019\/02\/Tadeja-letzte-Tage-Atlantik-17-.jpg\" alt=\"\" \/><img decoding=\"async\" src=\"https:\/\/kali-mera.net\/wp-content\/uploads\/2019\/02\/Tadeja-letzte-Tage-Atlantik-19-.jpg\" alt=\"\" \/><img decoding=\"async\" src=\"https:\/\/kali-mera.net\/wp-content\/uploads\/2019\/02\/Tadeja-letzte-Tage-Atlantik-18-.jpg\" alt=\"\" \/><img decoding=\"async\" src=\"https:\/\/kali-mera.net\/wp-content\/uploads\/2019\/02\/Tadeja-letzte-Tage-Atlantik-3-.jpg\" alt=\"\" \/><\/noscript><\/div>\n","protected":false},"excerpt":{"rendered":"<p>Der Wechsel vom diesmal im Schnee versunkenen \u00d6sterreich auf die andere Seite der Erdkugel, in unser schwimmendes Zuhause, vollzieht sich immer sehr schnell. Wie eine Zeitreise in einen anderen Raum mit anderen Gesetzen, doch mir nicht mehr fremd \u2013 mit all ihren Farben, Ger\u00e4uschen, Ger\u00fcchen, Menschen und deren Lebensgewohnheiten ist mir diese Welt inzwischen vertraut &hellip; <\/p>\n<p class=\"link-more\"><a href=\"https:\/\/kali-mera.net\/?p=2523\" class=\"more-link\"><span class=\"screen-reader-text\">\u201eDie letzten Tage im Atlantik\u201c <\/span>weiterlesen<\/a><\/p>\n","protected":false},"author":5,"featured_media":0,"comment_status":"open","ping_status":"closed","sticky":false,"template":"","format":"standard","meta":{"_jetpack_memberships_contains_paid_content":false,"footnotes":"","jetpack_publicize_message":"","jetpack_publicize_feature_enabled":true,"jetpack_social_post_already_shared":true,"jetpack_social_options":{"image_generator_settings":{"template":"highway","default_image_id":0,"font":"","enabled":false},"version":2}},"categories":[3],"tags":[],"class_list":["post-2523","post","type-post","status-publish","format-standard","hentry","category-tadejas-gedanken"],"jetpack_publicize_connections":[],"jetpack_featured_media_url":"","jetpack_shortlink":"https:\/\/wp.me\/p5B0Dx-EH","jetpack_likes_enabled":true,"jetpack_sharing_enabled":true,"_links":{"self":[{"href":"https:\/\/kali-mera.net\/index.php?rest_route=\/wp\/v2\/posts\/2523","targetHints":{"allow":["GET"]}}],"collection":[{"href":"https:\/\/kali-mera.net\/index.php?rest_route=\/wp\/v2\/posts"}],"about":[{"href":"https:\/\/kali-mera.net\/index.php?rest_route=\/wp\/v2\/types\/post"}],"author":[{"embeddable":true,"href":"https:\/\/kali-mera.net\/index.php?rest_route=\/wp\/v2\/users\/5"}],"replies":[{"embeddable":true,"href":"https:\/\/kali-mera.net\/index.php?rest_route=%2Fwp%2Fv2%2Fcomments&post=2523"}],"version-history":[{"count":10,"href":"https:\/\/kali-mera.net\/index.php?rest_route=\/wp\/v2\/posts\/2523\/revisions"}],"predecessor-version":[{"id":2534,"href":"https:\/\/kali-mera.net\/index.php?rest_route=\/wp\/v2\/posts\/2523\/revisions\/2534"}],"wp:attachment":[{"href":"https:\/\/kali-mera.net\/index.php?rest_route=%2Fwp%2Fv2%2Fmedia&parent=2523"}],"wp:term":[{"taxonomy":"category","embeddable":true,"href":"https:\/\/kali-mera.net\/index.php?rest_route=%2Fwp%2Fv2%2Fcategories&post=2523"},{"taxonomy":"post_tag","embeddable":true,"href":"https:\/\/kali-mera.net\/index.php?rest_route=%2Fwp%2Fv2%2Ftags&post=2523"}],"curies":[{"name":"wp","href":"https:\/\/api.w.org\/{rel}","templated":true}]}}